{"id":6563,"date":"2018-10-12T08:50:10","date_gmt":"2018-10-12T06:50:10","guid":{"rendered":"https:\/\/nprofit.net\/pl\/?p=6563"},"modified":"2018-10-12T08:50:10","modified_gmt":"2018-10-12T06:50:10","slug":"czy-twoj-sklep-gotowy-jest-na-black-friday","status":"publish","type":"post","link":"https:\/\/nprofit.net\/pl\/blog\/czy-twoj-sklep-gotowy-jest-na-black-friday\/","title":{"rendered":"Czy Tw\u00f3j sklep gotowy jest na Black Friday?"},"content":{"rendered":"<p style=\"text-align: justify;\"><strong>Black Friday to tradycja, kt\u00f3ra na dobre zadomowi\u0142a si\u0119 w kraju na Wis\u0142\u0105. Od kilku lat ostatni pi\u0105tek listopada sta\u0142 si\u0119 wa\u017cn\u0105 dat\u0105 w kalendarzu ka\u017cdego aktywnego sprzedawcy e-commerce nie tylko w USA. Z roku na rok do akcji przy\u0142\u0105cza si\u0119 coraz wi\u0119cej sklep\u00f3w internetowych jak i kupuj\u0105cych. \u015awi\u0119to wyprzeda\u017cy w roku 2020 przypada 27 listopada, wi\u0119c ponownie zbli\u017ca si\u0119 wielkimi krokami!<\/strong><\/p>\n<h3><!--more--><\/h3>\n<div id=\"ez-toc-container\" class=\"ez-toc-v2_0_81 counter-hierarchy ez-toc-counter ez-toc-custom ez-toc-container-direction\">\n<div class=\"ez-toc-title-container\">\n<p class=\"ez-toc-title\" style=\"cursor:inherit\">Spis tre\u015bci<\/p>\n<span class=\"ez-toc-title-toggle\"><a href=\"#\" class=\"ez-toc-pull-right ez-toc-btn ez-toc-btn-xs ez-toc-btn-default ez-toc-toggle\" aria-label=\"Prze\u0142\u0105cznik Spisu Tre\u015bci\"><span class=\"ez-toc-js-icon-con\"><span class=\"\"><span class=\"eztoc-hide\" style=\"display:none;\">Toggle<\/span><span class=\"ez-toc-icon-toggle-span\"><svg style=\"fill: #003366;color:#003366\" xmlns=\"http:\/\/www.w3.org\/2000\/svg\" class=\"list-377408\" width=\"20px\" height=\"20px\" viewBox=\"0 0 24 24\" fill=\"none\"><path d=\"M6 6H4v2h2V6zm14 0H8v2h12V6zM4 11h2v2H4v-2zm16 0H8v2h12v-2zM4 16h2v2H4v-2zm16 0H8v2h12v-2z\" fill=\"currentColor\"><\/path><\/svg><svg style=\"fill: #003366;color:#003366\" class=\"arrow-unsorted-368013\" xmlns=\"http:\/\/www.w3.org\/2000\/svg\" width=\"10px\" height=\"10px\" viewBox=\"0 0 24 24\" version=\"1.2\" baseProfile=\"tiny\"><path d=\"M18.2 9.3l-6.2-6.3-6.2 6.3c-.2.2-.3.4-.3.7s.1.5.3.7c.2.2.4.3.7.3h11c.3 0 .5-.1.7-.3.2-.2.3-.5.3-.7s-.1-.5-.3-.7zM5.8 14.7l6.2 6.3 6.2-6.3c.2-.2.3-.5.3-.7s-.1-.5-.3-.7c-.2-.2-.4-.3-.7-.3h-11c-.3 0-.5.1-.7.3-.2.2-.3.5-.3.7s.1.5.3.7z\"\/><\/svg><\/span><\/span><\/span><\/a><\/span><\/div>\n<nav><ul class='ez-toc-list ez-toc-list-level-1 ' ><li class='ez-toc-page-1 ez-toc-heading-level-3'><a class=\"ez-toc-link ez-toc-heading-1\" href=\"https:\/\/nprofit.net\/pl\/blog\/czy-twoj-sklep-gotowy-jest-na-black-friday\/#Historia_Czarnego_Piatku\" >Historia Czarnego Pi\u0105tku<\/a><\/li><li class='ez-toc-page-1 ez-toc-heading-level-3'><a class=\"ez-toc-link ez-toc-heading-2\" href=\"https:\/\/nprofit.net\/pl\/blog\/czy-twoj-sklep-gotowy-jest-na-black-friday\/#Czarny_Piatek_w_liczbach\" >Czarny Pi\u0105tek w liczbach<\/a><\/li><li class='ez-toc-page-1 ez-toc-heading-level-3'><a class=\"ez-toc-link ez-toc-heading-3\" href=\"https:\/\/nprofit.net\/pl\/blog\/czy-twoj-sklep-gotowy-jest-na-black-friday\/#Czarny_Piatek_w_polskich_e-sklepach_w_poprzednich_latach\" >Czarny Pi\u0105tek w polskich e-sklepach w poprzednich latach<\/a><\/li><li class='ez-toc-page-1 ez-toc-heading-level-3'><a class=\"ez-toc-link ez-toc-heading-4\" href=\"https:\/\/nprofit.net\/pl\/blog\/czy-twoj-sklep-gotowy-jest-na-black-friday\/#Gotowy_na_Czarny_Piatek_2020\" >Gotowy na Czarny Pi\u0105tek 2020?<\/a><\/li><\/ul><\/nav><\/div>\n<h3><span class=\"ez-toc-section\" id=\"Historia_Czarnego_Piatku\"><\/span>Historia Czarnego Pi\u0105tku<span class=\"ez-toc-section-end\"><\/span><\/h3>\n<p style=\"text-align: justify;\">Tak jak wspomnia\u0142em wcze\u015bniej, Black Friday to nalecia\u0142o\u015b\u0107 zza oceanu. Jego historia si\u0119ga drugiej po\u0142owy XIX wieku i okresu, w kt\u00f3rym to \u00f3wczesny prezydent Abraham Lincoln, ustanowi\u0142 \u015awi\u0119to Dzi\u0119kczynienia. \u015awi\u0119to to przypada na ostatni czwartek listopada. Po tym dniu, rozpoczyna si\u0119 okres przygotowa\u0144 przed \u015bwi\u0119tami Bo\u017cego Narodzenia, a co za tym idzie, wzmo\u017conych zakup\u00f3w.<\/p>\n<p style=\"text-align: justify;\">W Polsce \u015bwi\u0119to wyprzeda\u017cy funkcjonuje od kilku lat pod spolszczon\u0105 nazw\u0105 Czarny Pi\u0105tek. Z roku na rok coraz wi\u0119cej sklep\u00f3w zar\u00f3wno stacjonarnych jak i internetowych do\u0142\u0105cza do tej przyjemnej dla konsumenta tradycji.<\/p>\n<h3><span class=\"ez-toc-section\" id=\"Czarny_Piatek_w_liczbach\"><\/span>Czarny Pi\u0105tek w liczbach<span class=\"ez-toc-section-end\"><\/span><\/h3>\n<p style=\"text-align: justify;\">Niestety polskie sklepy niezbyt ch\u0119tnie chwal\u0105 si\u0119 obrotami z tego okresu, tak\u017ce powr\u00f3\u0107my na chwil\u0119 za ocean.<\/p>\n<p style=\"text-align: justify;\">Najbardziej zyskownym Czarnym Pi\u0105tkiem, jak do tej pory, okaza\u0142 si\u0119 ten z 2012 roku. W tym dniu pad\u0142 zar\u00f3wno rekord wydanych pieni\u0119dzy jak i kupuj\u0105cych. Tylko w ten jeden dzie\u0144, centra handlowe w USA odwiedzi\u0142o ponad 247 milion\u00f3w klient\u00f3w. \u0141\u0105czny obr\u00f3t oscylowa\u0142 w okolicach 60 miliard\u00f3w dolar\u00f3w.<\/p>\n<p style=\"text-align: justify;\">Co by\u0142o kupowane w tym okresie? Przede wszystkim \u015bwi\u0105tecznie prezenty dla rodziny i przyjaci\u00f3\u0142, jedzenie oraz s\u0142odycze.<\/p>\n<h3><span class=\"ez-toc-section\" id=\"Czarny_Piatek_w_polskich_e-sklepach_w_poprzednich_latach\"><\/span>Czarny Pi\u0105tek w polskich e-sklepach w poprzednich latach<span class=\"ez-toc-section-end\"><\/span><\/h3>\n<p style=\"text-align: justify;\">Jak co roku staram si\u0119 zach\u0119ca\u0107 klient\u00f3w, by w miar\u0119 mo\u017cliwo\u015bci wykorzystali czarnopi\u0105tkowy potencja\u0142. Poni\u017cej zaprezentuje kilka wykres\u00f3w z okolic Czarnego Pi\u0105tku wraz z om\u00f3wieniem.<\/p>\n<p><img fetchpriority=\"high\" decoding=\"async\" class=\"aligncenter size-full wp-image-6566\" src=\"https:\/\/nprofit.net\/pl\/wp-content\/uploads\/2018\/10\/elektronika.png\" alt=\"\" width=\"1606\" height=\"254\" srcset=\"https:\/\/nprofit.net\/pl\/wp-content\/uploads\/2018\/10\/elektronika.png 1600w, https:\/\/nprofit.net\/pl\/wp-content\/uploads\/2018\/10\/elektronika-300x47.png 300w, https:\/\/nprofit.net\/pl\/wp-content\/uploads\/2018\/10\/elektronika-1024x162.png 1024w, https:\/\/nprofit.net\/pl\/wp-content\/uploads\/2018\/10\/elektronika-768x121.png 768w, https:\/\/nprofit.net\/pl\/wp-content\/uploads\/2018\/10\/elektronika-1536x243.png 1536w\" sizes=\"(max-width: 1606px) 100vw, 1606px\" \/><\/p>\n<p style=\"text-align: justify;\">Klient z bran\u017cy elektronicznej, na Black Friday w roku 2017 zdecydowa\u0142 si\u0119 na jednodniow\u0105 promocj\u0119, dok\u0142adnie w dniu 24 listopada. Jak wida\u0107, zwi\u0119kszon\u0105 sprzeda\u017c mo\u017cemy zaobserwowa\u0107 tylko i wy\u0142\u0105cznie w dniu trwania promocji. Mimo \u201egor\u0105cego\u201d okresu, sprzeda\u017c nie prze\u0142o\u017cy\u0142a si\u0119 na nast\u0119puj\u0105cy weekend.<\/p>\n<p><img decoding=\"async\" class=\"aligncenter size-full wp-image-6567\" src=\"https:\/\/nprofit.net\/pl\/wp-content\/uploads\/2018\/10\/galanteria.png\" alt=\"\" width=\"1606\" height=\"251\" srcset=\"https:\/\/nprofit.net\/pl\/wp-content\/uploads\/2018\/10\/galanteria.png 1600w, https:\/\/nprofit.net\/pl\/wp-content\/uploads\/2018\/10\/galanteria-300x47.png 300w, https:\/\/nprofit.net\/pl\/wp-content\/uploads\/2018\/10\/galanteria-1024x160.png 1024w, https:\/\/nprofit.net\/pl\/wp-content\/uploads\/2018\/10\/galanteria-768x120.png 768w, https:\/\/nprofit.net\/pl\/wp-content\/uploads\/2018\/10\/galanteria-1536x240.png 1536w\" sizes=\"(max-width: 1606px) 100vw, 1606px\" \/><\/p>\n<p style=\"text-align: justify;\">W tym wypadku klient specjalizuj\u0105cy si\u0119 w sprzeda\u017cy galanterii i zegark\u00f3w, zdecydowa\u0142 si\u0119, opr\u00f3cz atrakcyjnych cen w \u201e\u015bwi\u0105teczny\u201d dzie\u0144, przed\u0142u\u017cy\u0107 promocj\u0119 o nast\u0119puj\u0105cy weekend. Jak wida\u0107, skutecznie prze\u0142o\u017cy\u0142o si\u0119 to na zwi\u0119kszenie sprzeda\u017cy w ca\u0142ym okresie. Wykres przedstawia Black Friday z roku 2017.<\/p>\n<p><img decoding=\"async\" class=\"aligncenter size-full wp-image-6565\" src=\"https:\/\/nprofit.net\/pl\/wp-content\/uploads\/2018\/10\/dekoracja.png\" alt=\"\" width=\"1604\" height=\"259\" srcset=\"https:\/\/nprofit.net\/pl\/wp-content\/uploads\/2018\/10\/dekoracja.png 1600w, https:\/\/nprofit.net\/pl\/wp-content\/uploads\/2018\/10\/dekoracja-300x48.png 300w, https:\/\/nprofit.net\/pl\/wp-content\/uploads\/2018\/10\/dekoracja-1024x165.png 1024w, https:\/\/nprofit.net\/pl\/wp-content\/uploads\/2018\/10\/dekoracja-768x124.png 768w, https:\/\/nprofit.net\/pl\/wp-content\/uploads\/2018\/10\/dekoracja-1536x248.png 1536w\" sizes=\"(max-width: 1604px) 100vw, 1604px\" \/><\/p>\n<p style=\"text-align: justify;\">Tym razem bran\u017ca dekoracji i wystroju wn\u0119trz. Klient zdecydowa\u0142 si\u0119 na inny rodzaj promocji. Mianowice, zamiast przecenia\u0107 produkty na sklepie, rozdawa\u0142 kody rabatowe za po\u015brednictwem Facebook i innych portali spo\u0142eczno\u015bciowych. Jak wida\u0107 ta forma reklamy r\u00f3wnie\u017c podzia\u0142a\u0142a, jednak nie tak skutecznie jak bezpo\u015brednie przeceny w sklepie.<\/p>\n<p><img loading=\"lazy\" decoding=\"async\" class=\"alignnone wp-image-14003 \" src=\"https:\/\/nprofit.net\/pl\/wp-content\/uploads\/2018\/10\/Screenshot_57.png\" alt=\"\" width=\"829\" height=\"152\" srcset=\"https:\/\/nprofit.net\/pl\/wp-content\/uploads\/2018\/10\/Screenshot_57.png 1370w, https:\/\/nprofit.net\/pl\/wp-content\/uploads\/2018\/10\/Screenshot_57-300x55.png 300w, https:\/\/nprofit.net\/pl\/wp-content\/uploads\/2018\/10\/Screenshot_57-1024x188.png 1024w, https:\/\/nprofit.net\/pl\/wp-content\/uploads\/2018\/10\/Screenshot_57-768x141.png 768w\" sizes=\"(max-width: 829px) 100vw, 829px\" \/><\/p>\n<p>Jedne z najwi\u0119kszych skok\u00f3w jakie widzieli\u015bmy na Black Friday odnotowa\u0142 sklep z bran\u017cy zegark\u00f3w w roku 2019. Zwyk\u0142e obni\u017cenie cen na pi\u0105tek spowodowa\u0142o wzrost przychod\u00f3w sklepu o <strong>1674%<\/strong> w stosunku do reszty miesi\u0105ca.<\/p>\n<p><img loading=\"lazy\" decoding=\"async\" class=\"aligncenter size-full wp-image-6564\" src=\"https:\/\/nprofit.net\/pl\/wp-content\/uploads\/2018\/10\/bielizna.png\" alt=\"\" width=\"1600\" height=\"256\" srcset=\"https:\/\/nprofit.net\/pl\/wp-content\/uploads\/2018\/10\/bielizna.png 1600w, https:\/\/nprofit.net\/pl\/wp-content\/uploads\/2018\/10\/bielizna-300x48.png 300w, https:\/\/nprofit.net\/pl\/wp-content\/uploads\/2018\/10\/bielizna-1024x164.png 1024w, https:\/\/nprofit.net\/pl\/wp-content\/uploads\/2018\/10\/bielizna-768x123.png 768w, https:\/\/nprofit.net\/pl\/wp-content\/uploads\/2018\/10\/bielizna-1536x246.png 1536w\" sizes=\"(max-width: 1600px) 100vw, 1600px\" \/><\/p>\n<p style=\"text-align: justify;\">Na koniec przyk\u0142ad, jak nie obchodzi\u0107 Czarnego Pi\u0105tku. Klient z bran\u017cy bieli\u017anianej, nie widzia\u0142 potencja\u0142u w tym dniu. Nie wprowadzi\u0142 \u017cadnego typu promocji na sklepie, ani nie rozdawa\u0142 kod\u00f3w rabatowych. Jak wida\u0107, okres ten by\u0142 dla niego zwyk\u0142ym dniem w e-commerce.<\/p>\n<h3 style=\"text-align: justify;\"><span class=\"ez-toc-section\" id=\"Gotowy_na_Czarny_Piatek_2020\"><\/span>Gotowy na Czarny Pi\u0105tek 2020?<span class=\"ez-toc-section-end\"><\/span><\/h3>\n<p style=\"text-align: justify;\">Kilka dni po Black Friday, kszta\u0142tuje si\u0119 te\u017c nowa tradycja pod nazw\u0105 Cyber Monday. Z za\u0142o\u017cenia, Black Friday powinien odnosi\u0107 si\u0119 do sklep\u00f3w stacjonarnych, Cyber Monday do sklep\u00f3w internetowych. Jednak sporo e-commerce bardziej przyk\u0142ada si\u0119 do opisywanego Czarnego Pi\u0105tku, pomijaj\u0105c po weekendowy poniedzia\u0142ek. Du\u017co sklep\u00f3w wprowadza r\u00f3wnie\u017c promocje pod nazw\u0105 Black Weekend, kt\u00f3ry obejmuje pi\u0105tek, sobot\u0119, niedziel\u0119 oraz w\u0142a\u015bnie poniedzia\u0142ek. Tak jak to z tradycjami bywa &#8211; ka\u017cdy traktuje j\u0105 na w\u0142asny spos\u00f3b. W zesz\u0142ym roku mo\u017cna by\u0142o znale\u017a\u0107 reklamy sklep\u00f3w, przeceniaj\u0105cych sw\u00f3j asortyment w ramach Black Week, kt\u00f3ry obowi\u0105zywa\u0142 a\u017c 11 dni.<\/p>\n<p style=\"text-align: justify;\">Tak jak wspomnia\u0142em wcze\u015bniej. Black Friday powoli nadchodzi. Ju\u017c w pi\u0105tek 27 listopada klienci b\u0119d\u0105 szuka\u0107 sklep\u00f3w ze \u015bwi\u0105tecznymi przecenami. Wyjd\u017a im naprzeciw i przygotuj sw\u00f3j sklep do wyprzeda\u017cy i nap\u0142ywu zam\u00f3wie\u0144. Czy jeste\u015b na to gotowy?<\/p>\n","protected":false},"excerpt":{"rendered":"<p>Black Friday to tradycja, kt\u00f3ra na dobre zadomowi\u0142a si\u0119 w kraju na Wis\u0142\u0105. Od kilku lat ostatni pi\u0105tek listopada sta\u0142 si\u0119 wa\u017cn\u0105 dat\u0105 w kalendarzu ka\u017cdego aktywnego sprzedawcy e-commerce nie tylko w USA. Z roku na rok do akcji przy\u0142\u0105cza si\u0119 coraz wi\u0119cej sklep\u00f3w internetowych jak i kupuj\u0105cych. \u015awi\u0119to wyprzeda\u017cy w roku 2020 przypada 27 [&hellip;]<\/p>\n","protected":false},"author":2,"featured_media":14041,"comment_status":"open","ping_status":"open","sticky":false,"template":"","format":"standard","meta":{"footnotes":""},"categories":[17,18],"tags":[],"class_list":["post-6563","post","type-post","status-publish","format-standard","has-post-thumbnail","hentry","category-aktualnosci","category-ke-commerce"],"yoast_head":"<!-- This site is optimized with the Yoast SEO plugin v27.0 - https:\/\/yoast.com\/product\/yoast-seo-wordpress\/ -->\n<title>Czy Tw\u00f3j sklep gotowy jest na Black Friday? - Blog NPROFIT<\/title>\n<meta name=\"robots\" content=\"index, follow, max-snippet:-1, max-image-preview:large, max-video-preview:-1\" \/>\n<link rel=\"canonical\" href=\"https:\/\/nprofit.net\/pl\/blog\/czy-twoj-sklep-gotowy-jest-na-black-friday\/\" \/>\n<meta property=\"og:locale\" content=\"pl_PL\" \/>\n<meta property=\"og:type\" content=\"article\" \/>\n<meta property=\"og:title\" content=\"Czy Tw\u00f3j sklep gotowy jest na Black Friday? - Blog NPROFIT\" \/>\n<meta property=\"og:description\" content=\"Black Friday to tradycja, kt\u00f3ra na dobre zadomowi\u0142a si\u0119 w kraju na Wis\u0142\u0105. Od kilku lat ostatni pi\u0105tek listopada sta\u0142 si\u0119 wa\u017cn\u0105 dat\u0105 w kalendarzu ka\u017cdego aktywnego sprzedawcy e-commerce nie tylko w USA. Z roku na rok do akcji przy\u0142\u0105cza si\u0119 coraz wi\u0119cej sklep\u00f3w internetowych jak i kupuj\u0105cych. \u015awi\u0119to wyprzeda\u017cy w roku 2020 przypada 27 [&hellip;]\" \/>\n<meta property=\"og:url\" content=\"https:\/\/nprofit.net\/pl\/blog\/czy-twoj-sklep-gotowy-jest-na-black-friday\/\" \/>\n<meta property=\"og:site_name\" content=\"NPROFIT\" \/>\n<meta property=\"article:published_time\" content=\"2018-10-12T06:50:10+00:00\" \/>\n<meta property=\"og:image\" content=\"https:\/\/nprofit.net\/pl\/wp-content\/uploads\/2018\/10\/black.jpg\" \/>\n\t<meta property=\"og:image:width\" content=\"2200\" \/>\n\t<meta property=\"og:image:height\" content=\"1123\" \/>\n\t<meta property=\"og:image:type\" content=\"image\/jpeg\" \/>\n<meta name=\"author\" content=\"Mateusz Surma\" \/>\n<meta name=\"twitter:card\" content=\"summary_large_image\" \/>\n<meta name=\"twitter:label1\" content=\"Napisane przez\" \/>\n\t<meta name=\"twitter:data1\" content=\"Mateusz Surma\" \/>\n\t<meta name=\"twitter:label2\" content=\"Szacowany czas czytania\" \/>\n\t<meta name=\"twitter:data2\" content=\"4 minuty\" \/>\n<script type=\"application\/ld+json\" class=\"yoast-schema-graph\">{\"@context\":\"https:\/\/schema.org\",\"@graph\":[{\"@type\":\"Article\",\"@id\":\"https:\/\/nprofit.net\/pl\/blog\/czy-twoj-sklep-gotowy-jest-na-black-friday\/#article\",\"isPartOf\":{\"@id\":\"https:\/\/nprofit.net\/pl\/blog\/czy-twoj-sklep-gotowy-jest-na-black-friday\/\"},\"author\":{\"name\":\"Mateusz Surma\",\"@id\":\"https:\/\/nprofit.net\/pl\/#\/schema\/person\/b43f9802fb450d194a941c38172cbf53\"},\"headline\":\"Czy Tw\u00f3j sklep gotowy jest na Black Friday?\",\"datePublished\":\"2018-10-12T06:50:10+00:00\",\"mainEntityOfPage\":{\"@id\":\"https:\/\/nprofit.net\/pl\/blog\/czy-twoj-sklep-gotowy-jest-na-black-friday\/\"},\"wordCount\":759,\"commentCount\":0,\"publisher\":{\"@id\":\"https:\/\/nprofit.net\/pl\/#organization\"},\"image\":{\"@id\":\"https:\/\/nprofit.net\/pl\/blog\/czy-twoj-sklep-gotowy-jest-na-black-friday\/#primaryimage\"},\"thumbnailUrl\":\"https:\/\/nprofit.net\/pl\/wp-content\/uploads\/2018\/10\/black.jpg\",\"articleSection\":[\"Aktualno\u015bci\",\"E-commerce\"],\"inLanguage\":\"pl-PL\",\"potentialAction\":[{\"@type\":\"CommentAction\",\"name\":\"Comment\",\"target\":[\"https:\/\/nprofit.net\/pl\/blog\/czy-twoj-sklep-gotowy-jest-na-black-friday\/#respond\"]}]},{\"@type\":\"WebPage\",\"@id\":\"https:\/\/nprofit.net\/pl\/blog\/czy-twoj-sklep-gotowy-jest-na-black-friday\/\",\"url\":\"https:\/\/nprofit.net\/pl\/blog\/czy-twoj-sklep-gotowy-jest-na-black-friday\/\",\"name\":\"Czy Tw\u00f3j sklep gotowy jest na Black Friday? - Blog NPROFIT\",\"isPartOf\":{\"@id\":\"https:\/\/nprofit.net\/pl\/#website\"},\"primaryImageOfPage\":{\"@id\":\"https:\/\/nprofit.net\/pl\/blog\/czy-twoj-sklep-gotowy-jest-na-black-friday\/#primaryimage\"},\"image\":{\"@id\":\"https:\/\/nprofit.net\/pl\/blog\/czy-twoj-sklep-gotowy-jest-na-black-friday\/#primaryimage\"},\"thumbnailUrl\":\"https:\/\/nprofit.net\/pl\/wp-content\/uploads\/2018\/10\/black.jpg\",\"datePublished\":\"2018-10-12T06:50:10+00:00\",\"breadcrumb\":{\"@id\":\"https:\/\/nprofit.net\/pl\/blog\/czy-twoj-sklep-gotowy-jest-na-black-friday\/#breadcrumb\"},\"inLanguage\":\"pl-PL\",\"potentialAction\":[{\"@type\":\"ReadAction\",\"target\":[\"https:\/\/nprofit.net\/pl\/blog\/czy-twoj-sklep-gotowy-jest-na-black-friday\/\"]}]},{\"@type\":\"ImageObject\",\"inLanguage\":\"pl-PL\",\"@id\":\"https:\/\/nprofit.net\/pl\/blog\/czy-twoj-sklep-gotowy-jest-na-black-friday\/#primaryimage\",\"url\":\"https:\/\/nprofit.net\/pl\/wp-content\/uploads\/2018\/10\/black.jpg\",\"contentUrl\":\"https:\/\/nprofit.net\/pl\/wp-content\/uploads\/2018\/10\/black.jpg\",\"width\":2200,\"height\":1123},{\"@type\":\"BreadcrumbList\",\"@id\":\"https:\/\/nprofit.net\/pl\/blog\/czy-twoj-sklep-gotowy-jest-na-black-friday\/#breadcrumb\",\"itemListElement\":[{\"@type\":\"ListItem\",\"position\":1,\"name\":\"Strona g\u0142\u00f3wna\",\"item\":\"https:\/\/nprofit.net\/pl\/\"},{\"@type\":\"ListItem\",\"position\":2,\"name\":\"Czy Tw\u00f3j sklep gotowy jest na Black Friday?\"}]},{\"@type\":\"WebSite\",\"@id\":\"https:\/\/nprofit.net\/pl\/#website\",\"url\":\"https:\/\/nprofit.net\/pl\/\",\"name\":\"NPROFIT\",\"description\":\"\",\"publisher\":{\"@id\":\"https:\/\/nprofit.net\/pl\/#organization\"},\"potentialAction\":[{\"@type\":\"SearchAction\",\"target\":{\"@type\":\"EntryPoint\",\"urlTemplate\":\"https:\/\/nprofit.net\/pl\/?s={search_term_string}\"},\"query-input\":{\"@type\":\"PropertyValueSpecification\",\"valueRequired\":true,\"valueName\":\"search_term_string\"}}],\"inLanguage\":\"pl-PL\"},{\"@type\":\"Organization\",\"@id\":\"https:\/\/nprofit.net\/pl\/#organization\",\"name\":\"NPROFIT\",\"url\":\"https:\/\/nprofit.net\/pl\/\",\"logo\":{\"@type\":\"ImageObject\",\"inLanguage\":\"pl-PL\",\"@id\":\"https:\/\/nprofit.net\/pl\/#\/schema\/logo\/image\/\",\"url\":\"https:\/\/nprofit.net\/pl\/wp-content\/uploads\/2025\/07\/bigLogo.png\",\"contentUrl\":\"https:\/\/nprofit.net\/pl\/wp-content\/uploads\/2025\/07\/bigLogo.png\",\"width\":323,\"height\":50,\"caption\":\"NPROFIT\"},\"image\":{\"@id\":\"https:\/\/nprofit.net\/pl\/#\/schema\/logo\/image\/\"}},{\"@type\":\"Person\",\"@id\":\"https:\/\/nprofit.net\/pl\/#\/schema\/person\/b43f9802fb450d194a941c38172cbf53\",\"name\":\"Mateusz Surma\",\"image\":{\"@type\":\"ImageObject\",\"inLanguage\":\"pl-PL\",\"@id\":\"https:\/\/nprofit.net\/pl\/#\/schema\/person\/image\/\",\"url\":\"https:\/\/secure.gravatar.com\/avatar\/36d3d59e53b507177ce0dd2927cc4c4f88e92fb09e6b82bd7c12cd3001fac26b?s=96&d=mm&r=g\",\"contentUrl\":\"https:\/\/secure.gravatar.com\/avatar\/36d3d59e53b507177ce0dd2927cc4c4f88e92fb09e6b82bd7c12cd3001fac26b?s=96&d=mm&r=g\",\"caption\":\"Mateusz Surma\"},\"url\":\"https:\/\/nprofit.net\/pl\/blog\/author\/mateuszsurma\/\"}]}<\/script>\n<!-- \/ Yoast SEO plugin. -->","yoast_head_json":{"title":"Czy Tw\u00f3j sklep gotowy jest na Black Friday? - Blog NPROFIT","robots":{"index":"index","follow":"follow","max-snippet":"max-snippet:-1","max-image-preview":"max-image-preview:large","max-video-preview":"max-video-preview:-1"},"canonical":"https:\/\/nprofit.net\/pl\/blog\/czy-twoj-sklep-gotowy-jest-na-black-friday\/","og_locale":"pl_PL","og_type":"article","og_title":"Czy Tw\u00f3j sklep gotowy jest na Black Friday? - Blog NPROFIT","og_description":"Black Friday to tradycja, kt\u00f3ra na dobre zadomowi\u0142a si\u0119 w kraju na Wis\u0142\u0105. Od kilku lat ostatni pi\u0105tek listopada sta\u0142 si\u0119 wa\u017cn\u0105 dat\u0105 w kalendarzu ka\u017cdego aktywnego sprzedawcy e-commerce nie tylko w USA. Z roku na rok do akcji przy\u0142\u0105cza si\u0119 coraz wi\u0119cej sklep\u00f3w internetowych jak i kupuj\u0105cych. \u015awi\u0119to wyprzeda\u017cy w roku 2020 przypada 27 [&hellip;]","og_url":"https:\/\/nprofit.net\/pl\/blog\/czy-twoj-sklep-gotowy-jest-na-black-friday\/","og_site_name":"NPROFIT","article_published_time":"2018-10-12T06:50:10+00:00","og_image":[{"width":2200,"height":1123,"url":"https:\/\/nprofit.net\/pl\/wp-content\/uploads\/2018\/10\/black.jpg","type":"image\/jpeg"}],"author":"Mateusz Surma","twitter_card":"summary_large_image","twitter_misc":{"Napisane przez":"Mateusz Surma","Szacowany czas czytania":"4 minuty"},"schema":{"@context":"https:\/\/schema.org","@graph":[{"@type":"Article","@id":"https:\/\/nprofit.net\/pl\/blog\/czy-twoj-sklep-gotowy-jest-na-black-friday\/#article","isPartOf":{"@id":"https:\/\/nprofit.net\/pl\/blog\/czy-twoj-sklep-gotowy-jest-na-black-friday\/"},"author":{"name":"Mateusz Surma","@id":"https:\/\/nprofit.net\/pl\/#\/schema\/person\/b43f9802fb450d194a941c38172cbf53"},"headline":"Czy Tw\u00f3j sklep gotowy jest na Black Friday?","datePublished":"2018-10-12T06:50:10+00:00","mainEntityOfPage":{"@id":"https:\/\/nprofit.net\/pl\/blog\/czy-twoj-sklep-gotowy-jest-na-black-friday\/"},"wordCount":759,"commentCount":0,"publisher":{"@id":"https:\/\/nprofit.net\/pl\/#organization"},"image":{"@id":"https:\/\/nprofit.net\/pl\/blog\/czy-twoj-sklep-gotowy-jest-na-black-friday\/#primaryimage"},"thumbnailUrl":"https:\/\/nprofit.net\/pl\/wp-content\/uploads\/2018\/10\/black.jpg","articleSection":["Aktualno\u015bci","E-commerce"],"inLanguage":"pl-PL","potentialAction":[{"@type":"CommentAction","name":"Comment","target":["https:\/\/nprofit.net\/pl\/blog\/czy-twoj-sklep-gotowy-jest-na-black-friday\/#respond"]}]},{"@type":"WebPage","@id":"https:\/\/nprofit.net\/pl\/blog\/czy-twoj-sklep-gotowy-jest-na-black-friday\/","url":"https:\/\/nprofit.net\/pl\/blog\/czy-twoj-sklep-gotowy-jest-na-black-friday\/","name":"Czy Tw\u00f3j sklep gotowy jest na Black Friday? - Blog NPROFIT","isPartOf":{"@id":"https:\/\/nprofit.net\/pl\/#website"},"primaryImageOfPage":{"@id":"https:\/\/nprofit.net\/pl\/blog\/czy-twoj-sklep-gotowy-jest-na-black-friday\/#primaryimage"},"image":{"@id":"https:\/\/nprofit.net\/pl\/blog\/czy-twoj-sklep-gotowy-jest-na-black-friday\/#primaryimage"},"thumbnailUrl":"https:\/\/nprofit.net\/pl\/wp-content\/uploads\/2018\/10\/black.jpg","datePublished":"2018-10-12T06:50:10+00:00","breadcrumb":{"@id":"https:\/\/nprofit.net\/pl\/blog\/czy-twoj-sklep-gotowy-jest-na-black-friday\/#breadcrumb"},"inLanguage":"pl-PL","potentialAction":[{"@type":"ReadAction","target":["https:\/\/nprofit.net\/pl\/blog\/czy-twoj-sklep-gotowy-jest-na-black-friday\/"]}]},{"@type":"ImageObject","inLanguage":"pl-PL","@id":"https:\/\/nprofit.net\/pl\/blog\/czy-twoj-sklep-gotowy-jest-na-black-friday\/#primaryimage","url":"https:\/\/nprofit.net\/pl\/wp-content\/uploads\/2018\/10\/black.jpg","contentUrl":"https:\/\/nprofit.net\/pl\/wp-content\/uploads\/2018\/10\/black.jpg","width":2200,"height":1123},{"@type":"BreadcrumbList","@id":"https:\/\/nprofit.net\/pl\/blog\/czy-twoj-sklep-gotowy-jest-na-black-friday\/#breadcrumb","itemListElement":[{"@type":"ListItem","position":1,"name":"Strona g\u0142\u00f3wna","item":"https:\/\/nprofit.net\/pl\/"},{"@type":"ListItem","position":2,"name":"Czy Tw\u00f3j sklep gotowy jest na Black Friday?"}]},{"@type":"WebSite","@id":"https:\/\/nprofit.net\/pl\/#website","url":"https:\/\/nprofit.net\/pl\/","name":"NPROFIT","description":"","publisher":{"@id":"https:\/\/nprofit.net\/pl\/#organization"},"potentialAction":[{"@type":"SearchAction","target":{"@type":"EntryPoint","urlTemplate":"https:\/\/nprofit.net\/pl\/?s={search_term_string}"},"query-input":{"@type":"PropertyValueSpecification","valueRequired":true,"valueName":"search_term_string"}}],"inLanguage":"pl-PL"},{"@type":"Organization","@id":"https:\/\/nprofit.net\/pl\/#organization","name":"NPROFIT","url":"https:\/\/nprofit.net\/pl\/","logo":{"@type":"ImageObject","inLanguage":"pl-PL","@id":"https:\/\/nprofit.net\/pl\/#\/schema\/logo\/image\/","url":"https:\/\/nprofit.net\/pl\/wp-content\/uploads\/2025\/07\/bigLogo.png","contentUrl":"https:\/\/nprofit.net\/pl\/wp-content\/uploads\/2025\/07\/bigLogo.png","width":323,"height":50,"caption":"NPROFIT"},"image":{"@id":"https:\/\/nprofit.net\/pl\/#\/schema\/logo\/image\/"}},{"@type":"Person","@id":"https:\/\/nprofit.net\/pl\/#\/schema\/person\/b43f9802fb450d194a941c38172cbf53","name":"Mateusz Surma","image":{"@type":"ImageObject","inLanguage":"pl-PL","@id":"https:\/\/nprofit.net\/pl\/#\/schema\/person\/image\/","url":"https:\/\/secure.gravatar.com\/avatar\/36d3d59e53b507177ce0dd2927cc4c4f88e92fb09e6b82bd7c12cd3001fac26b?s=96&d=mm&r=g","contentUrl":"https:\/\/secure.gravatar.com\/avatar\/36d3d59e53b507177ce0dd2927cc4c4f88e92fb09e6b82bd7c12cd3001fac26b?s=96&d=mm&r=g","caption":"Mateusz Surma"},"url":"https:\/\/nprofit.net\/pl\/blog\/author\/mateuszsurma\/"}]}},"_links":{"self":[{"href":"https:\/\/nprofit.net\/pl\/wp-json\/wp\/v2\/posts\/6563","targetHints":{"allow":["GET"]}}],"collection":[{"href":"https:\/\/nprofit.net\/pl\/wp-json\/wp\/v2\/posts"}],"about":[{"href":"https:\/\/nprofit.net\/pl\/wp-json\/wp\/v2\/types\/post"}],"author":[{"embeddable":true,"href":"https:\/\/nprofit.net\/pl\/wp-json\/wp\/v2\/users\/2"}],"replies":[{"embeddable":true,"href":"https:\/\/nprofit.net\/pl\/wp-json\/wp\/v2\/comments?post=6563"}],"version-history":[{"count":0,"href":"https:\/\/nprofit.net\/pl\/wp-json\/wp\/v2\/posts\/6563\/revisions"}],"wp:featuredmedia":[{"embeddable":true,"href":"https:\/\/nprofit.net\/pl\/wp-json\/wp\/v2\/media\/14041"}],"wp:attachment":[{"href":"https:\/\/nprofit.net\/pl\/wp-json\/wp\/v2\/media?parent=6563"}],"wp:term":[{"taxonomy":"category","embeddable":true,"href":"https:\/\/nprofit.net\/pl\/wp-json\/wp\/v2\/categories?post=6563"},{"taxonomy":"post_tag","embeddable":true,"href":"https:\/\/nprofit.net\/pl\/wp-json\/wp\/v2\/tags?post=6563"}],"curies":[{"name":"wp","href":"https:\/\/api.w.org\/{rel}","templated":true}]}}